{"id":343,"date":"2018-07-11T13:32:00","date_gmt":"2018-07-11T16:32:00","guid":{"rendered":"http:\/\/servsul1.tecnologia.ws\/?p=343"},"modified":"2021-06-05T16:06:18","modified_gmt":"2021-06-05T19:06:18","slug":"ana-paula-concede-entrevista-a-revista-profissional-negocios","status":"publish","type":"post","link":"https:\/\/jorny.com.br\/servsul2025\/ana-paula-concede-entrevista-a-revista-profissional-negocios\/","title":{"rendered":"Ana Paula concede entrevista \u00e0 Revista Profissional &#038; Neg\u00f3cios"},"content":{"rendered":"\n<p>J\u00e1 est\u00e1 dispon\u00edvel no site da Revista&nbsp;<strong>Profissional &amp; Neg\u00f3cios<\/strong>&nbsp;a entrevista concedida por&nbsp;<strong>Ana Paula Proc\u00f3pio de Meneses<\/strong>, diretora de compras e opera\u00e7\u00f5es do&nbsp;<strong>Grupo SERVSUL<\/strong>, ao editor Daniel Consani sobre a import\u00e2ncia do Trabalho Tempor\u00e1rio na inser\u00e7\u00e3o de talentos no mercado de trabalho.<\/p>\n\n\n\n<p>Entre os mais variados assuntos que envolvem este tema, ela abordou dois importantes itens: o positivo impacto causado pela reforma trabalhista na flexibiliza\u00e7\u00e3o da contrata\u00e7\u00e3o de tempor\u00e1rios e como esta forma de contrata\u00e7\u00e3o \u00e9 importante na inser\u00e7\u00e3o de talentos no mercado de trabalho.<\/p>\n\n\n\n<p>Ou\u00e7a a entrevista na \u00edntegra<strong>:<\/strong><\/p>\n\n\n\n<iframe loading=\"lazy\" width=\"100%\" height=\"300\" scrolling=\"no\" frameborder=\"no\" allow=\"autoplay\" src=\"https:\/\/w.soundcloud.com\/player\/?url=https%3A\/\/api.soundcloud.com\/tracks\/452301549&amp;color=%23ff5500&amp;auto_play=false&amp;hide_related=false&amp;show_comments=true&amp;show_user=true&amp;show_reposts=false&amp;show_teaser=true&amp;visual=true\"><\/iframe><div style=\"font-size: 10px; color: #cccccc;line-break: anywhere;word-break: normal;overflow: hidden;white-space: nowrap;text-overflow: ellipsis; font-family: Interstate,Lucida Grande,Lucida Sans Unicode,Lucida Sans,Garuda,Verdana,Tahoma,sans-serif;font-weight: 100;\"><a href=\"https:\/\/soundcloud.com\/user-426275353\" title=\"Podcast Profissional&amp;Neg\u00f3cios\" target=\"_blank\" style=\"color: #cccccc; text-decoration: none;\" rel=\"noopener\">Podcast Profissional&amp;Neg\u00f3cios<\/a> \u00b7 <a href=\"https:\/\/soundcloud.com\/user-426275353\/podcast-ana-paula-procopio-meneses-executiva-da-servsul\" title=\"Podcast: Ana Paula Proc\u00f3pio Meneses, diretora de compras e opera\u00e7\u00f5es do Grupo Servsul\" target=\"_blank\" style=\"color: #cccccc; text-decoration: none;\" rel=\"noopener\">Podcast: Ana Paula Proc\u00f3pio Meneses, diretora de compras e opera\u00e7\u00f5es do Grupo Servsul<\/a><\/div>\n","protected":false},"excerpt":{"rendered":"<p>J\u00e1 est\u00e1 dispon\u00edvel no site da Revista&nbsp;Profissional &amp; Neg\u00f3cios&nbsp;a entrevista concedida por&nbsp;Ana Paula Proc\u00f3pio de Meneses, diretora de compras e opera\u00e7\u00f5es do&nbsp;Grupo SERVSUL, ao editor Daniel Consani sobre a import\u00e2ncia do Trabalho Tempor\u00e1rio na inser\u00e7\u00e3o de talentos no mercado de trabalho. Entre os mais variados assuntos que envolvem este tema, ela abordou dois importantes itens: &hellip; <\/p>\n<p class=\"link-more\"><a href=\"https:\/\/jorny.com.br\/servsul2025\/ana-paula-concede-entrevista-a-revista-profissional-negocios\/\" class=\"more-link\">Continue lendo<span class=\"screen-reader-text\"> &#8220;Ana Paula concede entrevista \u00e0 Revista Profissional &#038; Neg\u00f3cios&#8221;<\/span><\/a><\/p>\n","protected":false},"author":1,"featured_media":469,"comment_status":"open","ping_status":"open","sticky":false,"template":"","format":"standard","meta":{"footnotes":""},"categories":[10],"tags":[],"class_list":["post-343","post","type-post","status-publish","format-standard","has-post-thumbnail","hentry","category-na-midia","entry"],"_links":{"self":[{"href":"https:\/\/jorny.com.br\/servsul2025\/wp-json\/wp\/v2\/posts\/343","targetHints":{"allow":["GET"]}}],"collection":[{"href":"https:\/\/jorny.com.br\/servsul2025\/wp-json\/wp\/v2\/posts"}],"about":[{"href":"https:\/\/jorny.com.br\/servsul2025\/wp-json\/wp\/v2\/types\/post"}],"author":[{"embeddable":true,"href":"https:\/\/jorny.com.br\/servsul2025\/wp-json\/wp\/v2\/users\/1"}],"replies":[{"embeddable":true,"href":"https:\/\/jorny.com.br\/servsul2025\/wp-json\/wp\/v2\/comments?post=343"}],"version-history":[{"count":3,"href":"https:\/\/jorny.com.br\/servsul2025\/wp-json\/wp\/v2\/posts\/343\/revisions"}],"predecessor-version":[{"id":645,"href":"https:\/\/jorny.com.br\/servsul2025\/wp-json\/wp\/v2\/posts\/343\/revisions\/645"}],"wp:featuredmedia":[{"embeddable":true,"href":"https:\/\/jorny.com.br\/servsul2025\/wp-json\/wp\/v2\/media\/469"}],"wp:attachment":[{"href":"https:\/\/jorny.com.br\/servsul2025\/wp-json\/wp\/v2\/media?parent=343"}],"wp:term":[{"taxonomy":"category","embeddable":true,"href":"https:\/\/jorny.com.br\/servsul2025\/wp-json\/wp\/v2\/categories?post=343"},{"taxonomy":"post_tag","embeddable":true,"href":"https:\/\/jorny.com.br\/servsul2025\/wp-json\/wp\/v2\/tags?post=343"}],"curies":[{"name":"wp","href":"https:\/\/api.w.org\/{rel}","templated":true}]}}