{"id":345,"date":"2014-12-11T13:36:00","date_gmt":"2014-12-11T15:36:00","guid":{"rendered":"http:\/\/servsul1.tecnologia.ws\/?p=345"},"modified":"2021-06-05T08:36:57","modified_gmt":"2021-06-05T11:36:57","slug":"gestao-de-pessoas-e-ponto-critico-para-altos-executivos","status":"publish","type":"post","link":"https:\/\/jorny.com.br\/servsul2025\/gestao-de-pessoas-e-ponto-critico-para-altos-executivos\/","title":{"rendered":"Gest\u00e3o de pessoas \u00e9 ponto cr\u00edtico para altos executivos"},"content":{"rendered":"\n<p>A gest\u00e3o de talentos \u00e9 considerada o ponto mais cr\u00edtico por altos executivos em suas companhias. A conclus\u00e3o vem de uma pesquisa in\u00e9dita sobre os principais desafios de neg\u00f3cios, realizada pelo Boston Consulting Group (BCG), no ano passado. Foram ouvidos 1.051 l\u00edderes da Europa, \u00c1sia, Oceania, Am\u00e9rica do Norte e do Bric (Brasil, R\u00fassia, \u00cdndia, China).<\/p>\n\n\n\n<p>No total, 76% dos entrevistados citaram o gerenciamento de pessoas entre as atividades mais desafiadoras e apenas 18% disseram estar preparados para ela. Uma escala que vai at\u00e9 21 pontos comparou a import\u00e2ncia de diferentes t\u00f3picos na estrat\u00e9gia das empresas com o quanto seus executivos est\u00e3o prontos para encar\u00e1-los. A gest\u00e3o de talentos apresentou a maior lacuna: 5,6 pontos &#8211; a diferen\u00e7a entre 17 atribu\u00eddos \u00e0 import\u00e2ncia e 11,4 ao preparo. No Brasil, que contou com a participa\u00e7\u00e3o de 94 l\u00edderes, o desn\u00edvel foi ainda mais acentuado que a m\u00e9dia global e alcan\u00e7ou 6,4 pontos.<\/p>\n\n\n\n<p>Se em pa\u00edses da Europa, por exemplo, os gargalos da m\u00e3o de obra passam pelo envelhecimento da popula\u00e7\u00e3o, os problemas brasileiros na administra\u00e7\u00e3o de talentos envolvem tanto a baixa oferta de profissionais qualificados como a capacidade das corpora\u00e7\u00f5es de atuar na sua prepara\u00e7\u00e3o. Segundo Christian Orglmeister, s\u00f3cio da BCG, a defici\u00eancia no sistema educacional coloca dificuldades para as empresas contratarem pessoas capazes e preparadas. &#8220;A qualidade da educa\u00e7\u00e3o n\u00e3o acompanhou o crescimento econ\u00f4mico dos \u00faltimos anos&#8221;, ressalta.<\/p>\n\n\n\n<p>Mas essa quest\u00e3o, j\u00e1 bem cristalizada no discurso dos consultores, n\u00e3o sustenta por si s\u00f3 os temores dos executivos. Nesse balan\u00e7o pesa muito o que Orglmeister caracteriza como a falta de planejamento da for\u00e7a de trabalho. Trata-se de projetar, a longo prazo, a quantidade de profissionais que ser\u00e3o necess\u00e1rios &#8211; e com que n\u00edveis de capacita\u00e7\u00e3o &#8211; para sustentar as estrat\u00e9gias delineadas para a organiza\u00e7\u00e3o.<\/p>\n\n\n\n<p>Para ele, algumas companhias j\u00e1 incorporaram em suas \u00e1reas de RH processos que quantificam futuras necessidades em seus quadros. S\u00e3o pr\u00e1ticas que envolvem a atua\u00e7\u00e3o de engenheiros e economistas para definir uma rela\u00e7\u00e3o de oferta e demanda. &#8220;Posso ter uma estrat\u00e9gia de crescimento do neg\u00f3cio de 10% ao ano, mas isso precisa ser dimensionado para cada cargo. Se n\u00e3o houver contrata\u00e7\u00f5es, surgir\u00e3o &#8216;gaps&#8217;. Al\u00e9m disso, como vou repor as pessoas que sa\u00edrem?&#8221;<\/p>\n\n\n\n<p>O turnover \u00e9 agravado por mudan\u00e7as nos tipos de neg\u00f3cio. &#8220;Empresas que vendiam equipamentos eletr\u00f4nicos, por exemplo, tinham uma for\u00e7a de vendas nos produtos. As que passaram a oferecer solu\u00e7\u00f5es para otimizar custos de servi\u00e7os precisam de novos perfis de vendedor.&#8221;<\/p>\n\n\n\n<p>Nas esferas mais elevadas da hierarquia, o descompasso aparece na sucess\u00e3o e no desenvolvimento de l\u00edderes. &#8220;Em geral h\u00e1 um talento dispon\u00edvel para dois cargos, ou seja, um meio sucessor. Isso decorre n\u00e3o s\u00f3 da falta de talentos no mercado, mas tamb\u00e9m das pr\u00e1ticas deficientes de RH na forma\u00e7\u00e3o dos sucessores&#8221;, afirma Orglmeister.<\/p>\n\n\n\n<p>Nas vanguardas dessas medidas, est\u00e3o avalia\u00e7\u00f5es de desempenho que incluem nas metas do gestor a indica\u00e7\u00e3o de dois poss\u00edveis sucessores para um determinado posto, bem como o n\u00edvel do preparo desses profissionais ao longo do tempo. O objetivo \u00e9 evitar que a organiza\u00e7\u00e3o fique ref\u00e9m de desligamentos repentinos.<\/p>\n\n\n\n<p>O s\u00f3cio da BCG enfatiza que essa prepara\u00e7\u00e3o deve se atentar a um novo perfil de l\u00edder, bem diferente do que predominava h\u00e1 cinco ou dez anos. Segundo ele, o atual precisa ser bem mais flex\u00edvel, menos hier\u00e1rquico e liderar mais por influ\u00eancia do que por controle. &#8220;Isso significa ter um olhar que consiga abranger sociedade, governo e clientes. Ele n\u00e3o pode ficar focado apenas na rela\u00e7\u00e3o entre custo e receita, mas deve entender tamb\u00e9m o comportamento do consumidor, que est\u00e1 mais sofisticado, e saber lidar com a complexidade das informa\u00e7\u00f5es que recebe&#8221;, diz.<\/p>\n\n\n\n<p>Esse profissional, portanto, tem de ser desenvolvido de uma maneira mais personalizada na pr\u00f3pria empresa por meio de programas que propiciem mobilidade na gest\u00e3o de sua carreira e permitam que ele ocupe posi\u00e7\u00f5es diferentes para que adquira v\u00e1rias habilidades.<\/p>\n\n\n\n<p>Embora o gerenciamento de pessoas configure a maior dist\u00e2ncia entre a situa\u00e7\u00e3o presente e a desejada pelos executivos brasileiros, ele surge em quarto lugar na pesquisa entre os itens elencados como os desafios importantes ou muito importantes para as companhias, com 87% das cita\u00e7\u00f5es. Os tr\u00eas primeiros no Brasil s\u00e3o, respectivamente, crescimento nos mercados em que atua (92%), opera\u00e7\u00f5es flex\u00edveis e eficientes (90%) e equil\u00edbrio entre crescimento e efici\u00eancia (89%).<\/p>\n\n\n\n<p>Para Orglmeister, tais aspectos se conectam em efeito cascata com a valida\u00e7\u00e3o de novos modelos de lideran\u00e7a, mais colaborativos no intuito de favorecer a inova\u00e7\u00e3o e o crescimento de mercado associado a ela.<\/p>\n\n\n\n<p>Associa\u00e7\u00e3o Brasileira do Mercado de Limpeza Profissional \u2013 Abralimp<\/p>\n","protected":false},"excerpt":{"rendered":"<p>A gest\u00e3o de talentos \u00e9 considerada o ponto mais cr\u00edtico por altos executivos em suas companhias. A conclus\u00e3o vem de uma pesquisa in\u00e9dita sobre os principais desafios de neg\u00f3cios, realizada pelo Boston Consulting Group (BCG), no ano passado. Foram ouvidos 1.051 l\u00edderes da Europa, \u00c1sia, Oceania, Am\u00e9rica do Norte e do Bric (Brasil, R\u00fassia, \u00cdndia, &hellip; <\/p>\n<p class=\"link-more\"><a href=\"https:\/\/jorny.com.br\/servsul2025\/gestao-de-pessoas-e-ponto-critico-para-altos-executivos\/\" class=\"more-link\">Continue lendo<span class=\"screen-reader-text\"> &#8220;Gest\u00e3o de pessoas \u00e9 ponto cr\u00edtico para altos executivos&#8221;<\/span><\/a><\/p>\n","protected":false},"author":1,"featured_media":463,"comment_status":"open","ping_status":"open","sticky":false,"template":"","format":"standard","meta":{"footnotes":""},"categories":[11],"tags":[],"class_list":["post-345","post","type-post","status-publish","format-standard","has-post-thumbnail","hentry","category-planos-de-carreira","entry"],"_links":{"self":[{"href":"https:\/\/jorny.com.br\/servsul2025\/wp-json\/wp\/v2\/posts\/345","targetHints":{"allow":["GET"]}}],"collection":[{"href":"https:\/\/jorny.com.br\/servsul2025\/wp-json\/wp\/v2\/posts"}],"about":[{"href":"https:\/\/jorny.com.br\/servsul2025\/wp-json\/wp\/v2\/types\/post"}],"author":[{"embeddable":true,"href":"https:\/\/jorny.com.br\/servsul2025\/wp-json\/wp\/v2\/users\/1"}],"replies":[{"embeddable":true,"href":"https:\/\/jorny.com.br\/servsul2025\/wp-json\/wp\/v2\/comments?post=345"}],"version-history":[{"count":2,"href":"https:\/\/jorny.com.br\/servsul2025\/wp-json\/wp\/v2\/posts\/345\/revisions"}],"predecessor-version":[{"id":573,"href":"https:\/\/jorny.com.br\/servsul2025\/wp-json\/wp\/v2\/posts\/345\/revisions\/573"}],"wp:featuredmedia":[{"embeddable":true,"href":"https:\/\/jorny.com.br\/servsul2025\/wp-json\/wp\/v2\/media\/463"}],"wp:attachment":[{"href":"https:\/\/jorny.com.br\/servsul2025\/wp-json\/wp\/v2\/media?parent=345"}],"wp:term":[{"taxonomy":"category","embeddable":true,"href":"https:\/\/jorny.com.br\/servsul2025\/wp-json\/wp\/v2\/categories?post=345"},{"taxonomy":"post_tag","embeddable":true,"href":"https:\/\/jorny.com.br\/servsul2025\/wp-json\/wp\/v2\/tags?post=345"}],"curies":[{"name":"wp","href":"https:\/\/api.w.org\/{rel}","templated":true}]}}