{"id":557,"date":"2018-06-02T08:28:00","date_gmt":"2018-06-02T11:28:00","guid":{"rendered":"http:\/\/servsul1.tecnologia.ws\/?p=557"},"modified":"2021-06-25T08:47:18","modified_gmt":"2021-06-25T11:47:18","slug":"lei-obriga-limpeza-conservacao-e-manutencao-do-ar-condicionado","status":"publish","type":"post","link":"https:\/\/jorny.com.br\/servsul2025\/lei-obriga-limpeza-conservacao-e-manutencao-do-ar-condicionado\/","title":{"rendered":"Lei obriga limpeza, conserva\u00e7\u00e3o e manuten\u00e7\u00e3o do ar condicionado"},"content":{"rendered":"\n<p>Segundo informou a Ag\u00eancia Senado, todos os edif\u00edcios, p\u00fablicos ou privados, ser\u00e3o obrigados a fazer a manuten\u00e7\u00e3o de seus sistemas de ar condicionado. \u00c9 o que determina a Lei&nbsp;<a href=\"http:\/\/www.planalto.gov.br\/ccivil_03\/_ato2015-2018\/2018\/Lei\/L13589.htm\" target=\"_blank\" rel=\"noreferrer noopener\">13.589\/2018<\/a>, sancionada dia 4 de janeiro de 2018 e publicada dia 5 de janeiro no Di\u00e1rio Oficial da Uni\u00e3o.<\/p>\n\n\n\n<p>A lei j\u00e1 entrou em vigor para novas instala\u00e7\u00f5es de ar condicionado. Para sistemas j\u00e1 instalados, o prazo para cumprimento dos requisitos \u00e9 de 180 dias depois da regulamenta\u00e7\u00e3o da lei, a ser feita posteriormente.<\/p>\n\n\n\n<p>Os edif\u00edcios ter\u00e3o que fazer a manuten\u00e7\u00e3o dos sistemas de climatiza\u00e7\u00e3o a partir de um Plano de Manuten\u00e7\u00e3o, Opera\u00e7\u00e3o e Controle, com o objetivo de prevenir ou minimizar riscos \u00e0 sa\u00fade dos ocupantes. O plano dever\u00e1 obedecer a par\u00e2metros regulamentados pela Resolu\u00e7\u00e3o 9\/2003 da Ag\u00eancia Nacional de Vigil\u00e2ncia Sanit\u00e1ria (Anvisa) e posteriores altera\u00e7\u00f5es, assim como \u00e0s normas da Associa\u00e7\u00e3o Brasileira de Normas T\u00e9cnicas (ABNT).<\/p>\n\n\n\n<p>O objetivo \u00e9 garantir a boa qualidade do ar interior, considerando padr\u00f5es de temperatura, umidade, velocidade, taxa de renova\u00e7\u00e3o e grau de pureza. A lei ser\u00e1 aplicada a todos os edif\u00edcios, mas os ambientes climatizados de uso restrito \u2013 laborat\u00f3rios e hospitais, por exemplo &#8211; dever\u00e3o obedecer a regulamentos espec\u00edficos. A mat\u00e9ria tem origem no Projeto de Lei da C\u00e2mara (PLC)&nbsp;<a href=\"https:\/\/www25.senado.leg.br\/web\/atividade\/materias\/-\/materia\/106621\" target=\"_blank\" rel=\"noreferrer noopener\">70\/2012<\/a>, aprovado no Senado em agosto de 2013.<\/p>\n\n\n\n<h4 class=\"wp-block-heading\">Veto<\/h4>\n\n\n\n<p>O Minist\u00e9rio da Justi\u00e7a e Seguran\u00e7a P\u00fablica recomendou o veto ao trecho do projeto que obrigava a responsabilidade t\u00e9cnica do Plano de Manuten\u00e7\u00e3o, Opera\u00e7\u00e3o e Controle a engenheiro mec\u00e2nico. De acordo com o presidente da Rep\u00fablica, Michel Temer, na raz\u00e3o para o veto (<a href=\"http:\/\/www.congressonacional.leg.br\/materias\/vetos\/-\/veto\/detalhe\/11642\" target=\"_blank\" rel=\"noreferrer noopener\">VET 2\/2018<\/a>) , tal regra cria reserva de mercado sem necessidade.<\/p>\n","protected":false},"excerpt":{"rendered":"<p>Segundo informou a Ag\u00eancia Senado, todos os edif\u00edcios, p\u00fablicos ou privados, ser\u00e3o obrigados a fazer a manuten\u00e7\u00e3o de seus sistemas de ar condicionado. \u00c9 o que determina a Lei&nbsp;13.589\/2018, sancionada dia 4 de janeiro de 2018 e publicada dia 5 de janeiro no Di\u00e1rio Oficial da Uni\u00e3o. A lei j\u00e1 entrou em vigor para novas &hellip; <\/p>\n<p class=\"link-more\"><a href=\"https:\/\/jorny.com.br\/servsul2025\/lei-obriga-limpeza-conservacao-e-manutencao-do-ar-condicionado\/\" class=\"more-link\">Continue lendo<span class=\"screen-reader-text\"> &#8220;Lei obriga limpeza, conserva\u00e7\u00e3o e manuten\u00e7\u00e3o do ar condicionado&#8221;<\/span><\/a><\/p>\n","protected":false},"author":1,"featured_media":777,"comment_status":"open","ping_status":"open","sticky":false,"template":"","format":"standard","meta":{"footnotes":""},"categories":[9],"tags":[],"class_list":["post-557","post","type-post","status-publish","format-standard","has-post-thumbnail","hentry","category-facilities-services","entry"],"_links":{"self":[{"href":"https:\/\/jorny.com.br\/servsul2025\/wp-json\/wp\/v2\/posts\/557","targetHints":{"allow":["GET"]}}],"collection":[{"href":"https:\/\/jorny.com.br\/servsul2025\/wp-json\/wp\/v2\/posts"}],"about":[{"href":"https:\/\/jorny.com.br\/servsul2025\/wp-json\/wp\/v2\/types\/post"}],"author":[{"embeddable":true,"href":"https:\/\/jorny.com.br\/servsul2025\/wp-json\/wp\/v2\/users\/1"}],"replies":[{"embeddable":true,"href":"https:\/\/jorny.com.br\/servsul2025\/wp-json\/wp\/v2\/comments?post=557"}],"version-history":[{"count":1,"href":"https:\/\/jorny.com.br\/servsul2025\/wp-json\/wp\/v2\/posts\/557\/revisions"}],"predecessor-version":[{"id":558,"href":"https:\/\/jorny.com.br\/servsul2025\/wp-json\/wp\/v2\/posts\/557\/revisions\/558"}],"wp:featuredmedia":[{"embeddable":true,"href":"https:\/\/jorny.com.br\/servsul2025\/wp-json\/wp\/v2\/media\/777"}],"wp:attachment":[{"href":"https:\/\/jorny.com.br\/servsul2025\/wp-json\/wp\/v2\/media?parent=557"}],"wp:term":[{"taxonomy":"category","embeddable":true,"href":"https:\/\/jorny.com.br\/servsul2025\/wp-json\/wp\/v2\/categories?post=557"},{"taxonomy":"post_tag","embeddable":true,"href":"https:\/\/jorny.com.br\/servsul2025\/wp-json\/wp\/v2\/tags?post=557"}],"curies":[{"name":"wp","href":"https:\/\/api.w.org\/{rel}","templated":true}]}}