{"id":6005,"date":"2023-08-17T20:23:24","date_gmt":"2023-08-17T23:23:24","guid":{"rendered":"https:\/\/jorny.com.br\/servsul2025\/?p=6005"},"modified":"2023-08-17T20:39:40","modified_gmt":"2023-08-17T23:39:40","slug":"juntas-pela-vida-agosto-pelo-fim-da-violencia-contra-mulher","status":"publish","type":"post","link":"https:\/\/jorny.com.br\/servsul2025\/juntas-pela-vida-agosto-pelo-fim-da-violencia-contra-mulher\/","title":{"rendered":"Juntas pela Vida: Agosto pelo fim da viol\u00eancia contra mulher"},"content":{"rendered":"\n<p>Neste agosto, junte-se a n\u00f3s na luta contra a viol\u00eancia. Vista o lil\u00e1s, compartilhe a conscientiza\u00e7\u00e3o e ofere\u00e7a seu apoio. Cada gesto conta na constru\u00e7\u00e3o de um mundo seguro e igualit\u00e1rio para todas. Juntas Pela Vida, somos a mudan\u00e7a que buscamos.<\/p>\n\n\n\n<p><strong>\u00cdndice de T\u00f3picos:<\/strong><\/p>\n\n\n\n<ol class=\"wp-block-list\" type=\"1\" start=\"1\">\n<li><a href=\"#intro\">Introdu\u00e7\u00e3o<\/a><\/li>\n\n\n\n<li><a href=\"#agosto\">Por que Agosto? A Lei Maria da Penha e o Combate \u00e0 Viol\u00eancia<\/a><\/li>\n\n\n\n<li><a href=\"#acoes\">A\u00e7\u00e3o de Incentivo e Apoio: Juntas Pela Vida<\/a><\/li>\n\n\n\n<li><a href=\"#casa\">Juntas Pela Vida &#8211; Mudan\u00e7a Come\u00e7a em Casa<\/a><\/li>\n\n\n\n<li><a href=\"#denuncie\">Denuncie: Unidos Pela Vida, Contra a Viol\u00eancia<\/a><\/li>\n<\/ol>\n\n\n\n<p id=\"intro\">No m\u00eas de agosto, vestimos as cores da esperan\u00e7a e da solidariedade para combater uma realidade que afeta milh\u00f5es de mulheres em todo o mundo: a viol\u00eancia sofrida. \u00c9 hora de nos unirmos como uma comunidade comprometida em acabar com esse ciclo de dor e medo. Cada gesto, por menor que seja, contribui para criar um mundo mais seguro e digno para todas. Neste m\u00eas, convidamos voc\u00ea a se juntar a n\u00f3s nessa jornada de conscientiza\u00e7\u00e3o, incentivo e apoio \u00e0s v\u00edtimas de viol\u00eancia.<\/p>\n\n\n\n<h2 class=\"wp-block-heading\" id=\"agosto\"><strong>Por que Agosto?<\/strong><\/h2>\n\n\n\n<p>Agosto foi escolhido como o m\u00eas de combate \u00e0 viol\u00eancia contra a mulher para lembrar a promulga\u00e7\u00e3o da Lei Maria da Penha, um marco importante na legisla\u00e7\u00e3o brasileira que busca proteger e amparar as mulheres v\u00edtimas de viol\u00eancia. Neste per\u00edodo, multiplicam-se as a\u00e7\u00f5es que buscam conscientizar a sociedade sobre a import\u00e2ncia de combater esse problema estrutural.<\/p>\n\n\n\n<h2 class=\"wp-block-heading\" id=\"acoes\"><strong>A\u00e7\u00f5<\/strong><strong>es de Incentivo e Apoio<\/strong><\/h2>\n\n\n\n<p>Como voc\u00ea pode ajudar?<\/p>\n\n\n\n<p><strong>Vista a Camisa:<\/strong> Mostre seu apoio vestindo uma pe\u00e7a de roupa ou acess\u00f3rio na cor lil\u00e1s, s\u00edmbolo da luta contra a viol\u00eancia. Compartilhe fotos nas redes sociais com a hashtag #JuntasPelaVida para espalhar a mensagem.<\/p>\n\n\n\n<p><strong>Converse e Compartilhe:<\/strong> Inicie conversas sobre a viol\u00eancia contra mulheres com amigos, familiares e colegas. Compartilhe informa\u00e7\u00f5es, estat\u00edsticas e hist\u00f3rias inspiradoras para conscientizar e sensibilizar mais pessoas.<\/p>\n\n\n\n<p><strong>Doa\u00e7\u00e3o de Tempo:<\/strong> Ofere\u00e7a seu tempo para organiza\u00e7\u00f5es locais que apoiam v\u00edtimas de viol\u00eancia. Sua presen\u00e7a pode fazer toda a diferen\u00e7a, seja oferecendo apoio emocional, auxiliando em atividades pr\u00e1ticas ou participando de campanhas de conscientiza\u00e7\u00e3o.<\/p>\n\n\n\n<p><strong>Apoio Financeiro:<\/strong> Contribua com organiza\u00e7\u00f5es que fornecem abrigo, apoio jur\u00eddico e psicol\u00f3gico para as v\u00edtimas. Mesmo uma pequena doa\u00e7\u00e3o pode ajudar a oferecer esperan\u00e7a e recursos para aquelas que precisam.<\/p>\n\n\n\n<p><strong>Campanhas de Sensibiliza\u00e7\u00e3o:<\/strong> Participe e divulgue campanhas de sensibiliza\u00e7\u00e3o que acontecem durante o m\u00eas de agosto. Compartilhe p\u00f4steres, v\u00eddeos e hist\u00f3rias de supera\u00e7\u00e3o para conscientizar seu c\u00edrculo de contatos.<\/p>\n\n\n\n<figure class=\"wp-block-image size-large is-resized\"><img decoding=\"async\" src=\"https:\/\/jorny.com.br\/servsul2025\/wp-content\/uploads\/2023\/08\/SS-022-23-Agosto-Lilas-feed1-819x1024.jpg\" alt=\"\" class=\"wp-image-6009\" style=\"width:450px\" width=\"450\" srcset=\"https:\/\/jorny.com.br\/servsul2025\/wp-content\/uploads\/2023\/08\/SS-022-23-Agosto-Lilas-feed1-819x1024.jpg 819w, https:\/\/jorny.com.br\/servsul2025\/wp-content\/uploads\/2023\/08\/SS-022-23-Agosto-Lilas-feed1-240x300.jpg 240w, https:\/\/jorny.com.br\/servsul2025\/wp-content\/uploads\/2023\/08\/SS-022-23-Agosto-Lilas-feed1-768x960.jpg 768w, https:\/\/jorny.com.br\/servsul2025\/wp-content\/uploads\/2023\/08\/SS-022-23-Agosto-Lilas-feed1.jpg 1080w\" sizes=\"(max-width: 819px) 100vw, 819px\" \/><\/figure>\n\n\n\n<h2 class=\"wp-block-heading\" id=\"casa\"><strong>Juntas Pela Vida &#8211; Mudan\u00e7a Come\u00e7a em Casa<\/strong><\/h2>\n\n\n\n<p>\u00c9 essencial lembrar que a mudan\u00e7a come\u00e7a em casa. Eduque suas crian\u00e7as sobre o respeito, igualdade de g\u00eanero e a import\u00e2ncia de rela\u00e7\u00f5es saud\u00e1veis. Promova um ambiente em que o di\u00e1logo e a empatia sejam valores fundamentais.<\/p>\n\n\n\n<p>Neste agosto, unamo-nos para ser a voz daquelas que foram silenciadas pela viol\u00eancia. Juntas, podemos construir um futuro em que todas as mulheres vivam livres do medo e da opress\u00e3o. Cada a\u00e7\u00e3o conta, e cada gesto de apoio contribui para criar um mundo mais justo e seguro para todas. Vamos juntas, pela vida!<\/p>\n\n\n\n<p>Lembre-se de que, se voc\u00ea ou algu\u00e9m que voc\u00ea conhece estiver enfrentando viol\u00eancia, h\u00e1 sempre ajuda dispon\u00edvel. N\u00e3o hesite em buscar apoio em institui\u00e7\u00f5es locais, organiza\u00e7\u00f5es de apoio e autoridades competentes.<\/p>\n\n\n\n<h2 class=\"wp-block-heading\" id=\"denuncie\">Denuncie: Ligue para 181<\/h2>\n\n\n\n<p><strong>Como denunciar: Atualmente, a mulher v\u00edtima de viol\u00eancia, seja dom\u00e9stica, familiar ou qualquer pessoa que queira ajudar a v\u00edtima pode denunciar e pedir orienta\u00e7\u00e3o pelos canais nacionais 181, da Central de Atendimento \u00e0 Mulher, e pelo 190, da Pol\u00edcia Militar.<\/strong><\/p>\n","protected":false},"excerpt":{"rendered":"<p>Una-se \u00e0 campanha de combate \u00e0 viol\u00eancia contra a mulher neste m\u00eas de agosto. Saiba como contribuir com a\u00e7\u00f5es de incentivo e apoio, vista o lil\u00e1s da esperan\u00e7a, compartilhe a mensagem e fa\u00e7a a diferen\u00e7a. Juntas, podemos construir um futuro livre de medo e opress\u00e3o.<\/p>\n","protected":false},"author":1,"featured_media":6007,"comment_status":"open","ping_status":"open","sticky":false,"template":"","format":"standard","meta":{"footnotes":""},"categories":[10,13],"tags":[],"class_list":["post-6005","post","type-post","status-publish","format-standard","has-post-thumbnail","hentry","category-na-midia","category-responsabilidade","entry"],"_links":{"self":[{"href":"https:\/\/jorny.com.br\/servsul2025\/wp-json\/wp\/v2\/posts\/6005","targetHints":{"allow":["GET"]}}],"collection":[{"href":"https:\/\/jorny.com.br\/servsul2025\/wp-json\/wp\/v2\/posts"}],"about":[{"href":"https:\/\/jorny.com.br\/servsul2025\/wp-json\/wp\/v2\/types\/post"}],"author":[{"embeddable":true,"href":"https:\/\/jorny.com.br\/servsul2025\/wp-json\/wp\/v2\/users\/1"}],"replies":[{"embeddable":true,"href":"https:\/\/jorny.com.br\/servsul2025\/wp-json\/wp\/v2\/comments?post=6005"}],"version-history":[{"count":4,"href":"https:\/\/jorny.com.br\/servsul2025\/wp-json\/wp\/v2\/posts\/6005\/revisions"}],"predecessor-version":[{"id":6018,"href":"https:\/\/jorny.com.br\/servsul2025\/wp-json\/wp\/v2\/posts\/6005\/revisions\/6018"}],"wp:featuredmedia":[{"embeddable":true,"href":"https:\/\/jorny.com.br\/servsul2025\/wp-json\/wp\/v2\/media\/6007"}],"wp:attachment":[{"href":"https:\/\/jorny.com.br\/servsul2025\/wp-json\/wp\/v2\/media?parent=6005"}],"wp:term":[{"taxonomy":"category","embeddable":true,"href":"https:\/\/jorny.com.br\/servsul2025\/wp-json\/wp\/v2\/categories?post=6005"},{"taxonomy":"post_tag","embeddable":true,"href":"https:\/\/jorny.com.br\/servsul2025\/wp-json\/wp\/v2\/tags?post=6005"}],"curies":[{"name":"wp","href":"https:\/\/api.w.org\/{rel}","templated":true}]}}