{"id":6166,"date":"2023-09-19T13:44:29","date_gmt":"2023-09-19T16:44:29","guid":{"rendered":"https:\/\/jorny.com.br\/servsul2025\/?p=6166"},"modified":"2023-09-19T13:58:33","modified_gmt":"2023-09-19T16:58:33","slug":"setembro-amarelo-iluminando-a-esperanca-na-prevencao-do-suicidio","status":"publish","type":"post","link":"https:\/\/jorny.com.br\/servsul2025\/setembro-amarelo-iluminando-a-esperanca-na-prevencao-do-suicidio\/","title":{"rendered":"Setembro Amarelo: Iluminando a Esperan\u00e7a na Preven\u00e7\u00e3o do Suic\u00eddio"},"content":{"rendered":"\n<p>Neste Setembro Amarelo, unidos pela esperan\u00e7a, pintemos o mundo de amarelo. Compartilhemos hist\u00f3rias de supera\u00e7\u00e3o, conscientiza\u00e7\u00e3o e apoio. Juntos, iluminamos a vida e mostramos que estamos aqui para cuidar uns dos outros.<\/p>\n\n\n\n<p><strong>\u00cdndice de T\u00f3picos:<\/strong><\/p>\n\n\n\n<ol class=\"wp-block-list\" type=\"1\" start=\"1\">\n<li><a href=\"#intro\">Introdu\u00e7\u00e3o<\/a><\/li>\n\n\n\n<li><a href=\"#pq\">Por que Amarelo? Simbolismo e esperan\u00e7a<\/a><\/li>\n\n\n\n<li><a href=\"#acao\">A\u00e7\u00e3o de Incentivo e Apoio: Pintando o mundo de amarelo<\/a><\/li>\n\n\n\n<li><a href=\"#iluminando\">Iluminando a Esperan\u00e7a &#8211; Hist\u00f3rias de supera\u00e7\u00e3o<\/a><\/li>\n\n\n\n<li><a href=\"#pintemos\">Pintemos o Mundo de Amarelo, Iluminemos a Esperan\u00e7a<\/a><\/li>\n<\/ol>\n\n\n\n<p id=\"intro\">Chega o m\u00eas de setembro, um per\u00edodo em que a cor amarela ganha um significado ainda mais especial. \u00c9 o Setembro Amarelo, um movimento global que visa conscientizar e prevenir o suic\u00eddio. Neste m\u00eas, mais do que nunca, pintamos, iluminamos e estampamos o amarelo em todas as formas poss\u00edveis, para dar voz \u00e0 esperan\u00e7a e lembrar a todos que o apoio e a compreens\u00e3o podem salvar vidas. Junte-se a n\u00f3s nessa campanha de incentivo e solidariedade.<\/p>\n\n\n\n<p id=\"pq\"><strong>Por que Amarelo?<\/strong><\/p>\n\n\n\n<p>A cor amarela simboliza a vida, a luz e a positividade, representando a mensagem de esperan\u00e7a que queremos transmitir a todos que lutam contra pensamentos suicidas. Ao pintarmos o mundo de amarelo, estamos mostrando que h\u00e1 apoio, que a conversa aberta \u00e9 bem-vinda e que todos podem encontrar ajuda e compreens\u00e3o.<\/p>\n\n\n\n<p id=\"acao\"><strong>A\u00e7\u00e3o de Incentivo e Apoio:<\/strong><\/p>\n\n\n\n<p>&#8211; Use Amarelo: Vamos encher nossas vidas de amarelo, seja nas roupas que usamos, nas redes sociais, em decora\u00e7\u00f5es e nas mais diversas manifesta\u00e7\u00f5es criativas. Compartilhe suas fotos com a hashtag #SetembroAmarelo para mostrar seu apoio \u00e0 causa.<\/p>\n\n\n\n<p>&#8211; Compartilhe Hist\u00f3rias de supera\u00e7\u00e3o: Conte sua hist\u00f3ria ou de algu\u00e9m que superou momentos dif\u00edceis. A troca de experi\u00eancias ajuda a reduzir o estigma em torno do tema e encoraja outros a buscar ajuda.<\/p>\n\n\n\n<p>&#8211; Converse com Empatia: Esteja dispon\u00edvel para ouvir. \u00c0s vezes, uma conversa emp\u00e1tica pode fazer toda a diferen\u00e7a. Mostre que voc\u00ea se importa e est\u00e1 ali para apoiar.<\/p>\n\n\n\n<p>&#8211; Promova a Conscientiza\u00e7\u00e3o: Compartilhe informa\u00e7\u00f5es precisas sobre preven\u00e7\u00e3o do suic\u00eddio, fatores de risco e sinais de alerta. A educa\u00e7\u00e3o \u00e9 essencial para salvar vidas.<\/p>\n\n\n\n<p>&#8211; Apoio Profissional: Incentive a busca por ajuda profissional. Disponibilize recursos, linhas de apoio e servi\u00e7os de sa\u00fade mental que podem ser procurados por quem precisa.<\/p>\n\n\n\n<figure class=\"wp-block-image size-large is-resized\"><img decoding=\"async\" src=\"https:\/\/jorny.com.br\/servsul2025\/wp-content\/uploads\/2023\/09\/SS-Setembro-Amarelo-Feed-100-819x1024.jpg\" alt=\"\" class=\"wp-image-6167\" style=\"width:600px\" width=\"600\" srcset=\"https:\/\/jorny.com.br\/servsul2025\/wp-content\/uploads\/2023\/09\/SS-Setembro-Amarelo-Feed-100-819x1024.jpg 819w, https:\/\/jorny.com.br\/servsul2025\/wp-content\/uploads\/2023\/09\/SS-Setembro-Amarelo-Feed-100-240x300.jpg 240w, https:\/\/jorny.com.br\/servsul2025\/wp-content\/uploads\/2023\/09\/SS-Setembro-Amarelo-Feed-100-768x960.jpg 768w, https:\/\/jorny.com.br\/servsul2025\/wp-content\/uploads\/2023\/09\/SS-Setembro-Amarelo-Feed-100.jpg 1080w\" sizes=\"(max-width: 819px) 100vw, 819px\" \/><\/figure>\n\n\n\n<p id=\"iluminando\"><strong>Iluminando a Esperan\u00e7a &#8211; Hist\u00f3rias de Super<\/strong><strong>a\u00e7\u00e3o:<\/strong><\/p>\n\n\n\n<p>Compartilhe hist\u00f3rias inspiradoras de pessoas que superaram momentos dif\u00edceis e encontraram for\u00e7a para seguir em frente. Essas narrativas podem oferecer esperan\u00e7a e encorajar quem est\u00e1 passando por situa\u00e7\u00f5es similares.<\/p>\n\n\n\n<p id=\"pintemos\">Este Setembro Amarelo, unamos nossas vozes e nossos cora\u00e7\u00f5es para mostrar que a vida importa. Ao iluminar a esperan\u00e7a, estamos estendendo a m\u00e3o para aqueles que precisam.<\/p>\n\n\n\n<p>Juntos, podemos criar um ambiente onde a compreens\u00e3o, a empatia e o apoio sejam a base para prevenir o suic\u00eddio. Se voc\u00ea est\u00e1 passando por dificuldades, lembre-se: voc\u00ea n\u00e3o est\u00e1 sozinho. H\u00e1 ajuda e esperan\u00e7a dispon\u00edveis para voc\u00ea. Vamos juntos pintar o mundo de amarelo, iluminando vidas e mostrando que estamos aqui para cuidar uns dos outros.<\/p>\n","protected":false},"excerpt":{"rendered":"<p>Junte-se \u00e0 campanha do Setembro Amarelo e ajude a iluminar a esperan\u00e7a na preven\u00e7\u00e3o do suic\u00eddio. Compartilhe hist\u00f3rias, informa\u00e7\u00f5es e apoio. Pintemos o mundo de amarelo e mostremos que a vida importa.<\/p>\n","protected":false},"author":1,"featured_media":6169,"comment_status":"open","ping_status":"open","sticky":false,"template":"","format":"standard","meta":{"footnotes":""},"categories":[10,13],"tags":[],"class_list":["post-6166","post","type-post","status-publish","format-standard","has-post-thumbnail","hentry","category-na-midia","category-responsabilidade","entry"],"_links":{"self":[{"href":"https:\/\/jorny.com.br\/servsul2025\/wp-json\/wp\/v2\/posts\/6166","targetHints":{"allow":["GET"]}}],"collection":[{"href":"https:\/\/jorny.com.br\/servsul2025\/wp-json\/wp\/v2\/posts"}],"about":[{"href":"https:\/\/jorny.com.br\/servsul2025\/wp-json\/wp\/v2\/types\/post"}],"author":[{"embeddable":true,"href":"https:\/\/jorny.com.br\/servsul2025\/wp-json\/wp\/v2\/users\/1"}],"replies":[{"embeddable":true,"href":"https:\/\/jorny.com.br\/servsul2025\/wp-json\/wp\/v2\/comments?post=6166"}],"version-history":[{"count":1,"href":"https:\/\/jorny.com.br\/servsul2025\/wp-json\/wp\/v2\/posts\/6166\/revisions"}],"predecessor-version":[{"id":6168,"href":"https:\/\/jorny.com.br\/servsul2025\/wp-json\/wp\/v2\/posts\/6166\/revisions\/6168"}],"wp:featuredmedia":[{"embeddable":true,"href":"https:\/\/jorny.com.br\/servsul2025\/wp-json\/wp\/v2\/media\/6169"}],"wp:attachment":[{"href":"https:\/\/jorny.com.br\/servsul2025\/wp-json\/wp\/v2\/media?parent=6166"}],"wp:term":[{"taxonomy":"category","embeddable":true,"href":"https:\/\/jorny.com.br\/servsul2025\/wp-json\/wp\/v2\/categories?post=6166"},{"taxonomy":"post_tag","embeddable":true,"href":"https:\/\/jorny.com.br\/servsul2025\/wp-json\/wp\/v2\/tags?post=6166"}],"curies":[{"name":"wp","href":"https:\/\/api.w.org\/{rel}","templated":true}]}}